{"id":123,"date":"2018-07-24T15:32:52","date_gmt":"2018-07-24T13:32:52","guid":{"rendered":"http:\/\/blog.tempries.de\/?p=123"},"modified":"2018-07-24T15:37:12","modified_gmt":"2018-07-24T13:37:12","slug":"tempries-erdwaerme-ist-in-minden-westfalen-gefragt","status":"publish","type":"post","link":"https:\/\/blog.tempries.de\/?p=123","title":{"rendered":"tempries Erdw\u00e4rme ist in Minden Westfalen gefragt"},"content":{"rendered":"<p>Die Bauherren freuen sich. Ihr KfW 55 Haus bekommt die Deckenplatte. Einsatz f\u00fcr uns. Hier werden die L\u00fcftungskan\u00e4le gelegt (KWL mit aktiver W\u00e4rmer\u00fcckgewinnung). Im August ist die Verlegung des Erdkollektors. Zu guter Letzt kommt die tempries-Heiztechnikzentrale. Zwei W\u00e4rmepumpen Luft\/Luft und Sole\/Wasser in einem Ger\u00e4t mit dem patentierten Erd-Kollektor f\u00fcr die <a href=\"https:\/\/geo.tempries.de\">Nilan GEO 6<\/a>. Wollen Sie mehr wissen. Gerne stellen wir Ihnen weitere Infos zur Verf\u00fcgung und bieten, nach Absprache mit den Bauherren, einen Besichtigungstermin an.<\/p>\n<p><strong>Haben wir Sie neugierig gemacht. Einfach melden: <a href=\"mailto:zentrale@tempries.de\">zentrale@tempries.de<\/a><\/strong><br \/>\n<strong>oder anrufen unter:\u00a0+498006646855<\/strong><\/p>\n<p>&nbsp;<\/p>\n<p><img loading=\"lazy\" decoding=\"async\" class=\"alignnone size-medium wp-image-124\" src=\"http:\/\/blog.tempries.de\/wp-content\/uploads\/2018\/07\/tempries-Kanalsystem-in-der-Filigrandecke-300x169.png\" alt=\"\" width=\"300\" height=\"169\" srcset=\"https:\/\/blog.tempries.de\/wp-content\/uploads\/2018\/07\/tempries-Kanalsystem-in-der-Filigrandecke-300x169.png 300w, https:\/\/blog.tempries.de\/wp-content\/uploads\/2018\/07\/tempries-Kanalsystem-in-der-Filigrandecke-768x432.png 768w, https:\/\/blog.tempries.de\/wp-content\/uploads\/2018\/07\/tempries-Kanalsystem-in-der-Filigrandecke.png 900w\" sizes=\"auto, (max-width: 300px) 100vw, 300px\" \/><\/p>\n","protected":false},"excerpt":{"rendered":"<p>Die Bauherren freuen sich. Ihr KfW 55 Haus bekommt die Deckenplatte. Einsatz f\u00fcr uns. Hier werden die L\u00fcftungskan\u00e4le gelegt (KWL mit aktiver W\u00e4rmer\u00fcckgewinnung). Im August ist die Verlegung des Erdkollektors. Zu guter Letzt kommt die tempries-Heiztechnikzentrale. Zwei W\u00e4rmepumpen Luft\/Luft und Sole\/Wasser in einem Ger\u00e4t mit dem patentierten Erd-Kollektor f\u00fcr die Nilan GEO 6. Wollen Sie &hellip; <\/p>\n<p class=\"link-more\"><a href=\"https:\/\/blog.tempries.de\/?p=123\" class=\"more-link\"><span class=\"screen-reader-text\">\u201etempries Erdw\u00e4rme ist in Minden Westfalen gefragt\u201c<\/span> weiterlesen<\/a><\/p>\n","protected":false},"author":1,"featured_media":9,"comment_status":"open","ping_status":"open","sticky":true,"template":"","format":"standard","meta":{"footnotes":""},"categories":[51],"tags":[40,73,75,74],"class_list":["post-123","post","type-post","status-publish","format-standard","has-post-thumbnail","hentry","category-news-2018","tag-nilan","tag-referenz","tag-sole-kollektor","tag-sole-waermepumpe"],"_links":{"self":[{"href":"https:\/\/blog.tempries.de\/index.php?rest_route=\/wp\/v2\/posts\/123","targetHints":{"allow":["GET"]}}],"collection":[{"href":"https:\/\/blog.tempries.de\/index.php?rest_route=\/wp\/v2\/posts"}],"about":[{"href":"https:\/\/blog.tempries.de\/index.php?rest_route=\/wp\/v2\/types\/post"}],"author":[{"embeddable":true,"href":"https:\/\/blog.tempries.de\/index.php?rest_route=\/wp\/v2\/users\/1"}],"replies":[{"embeddable":true,"href":"https:\/\/blog.tempries.de\/index.php?rest_route=%2Fwp%2Fv2%2Fcomments&post=123"}],"version-history":[{"count":3,"href":"https:\/\/blog.tempries.de\/index.php?rest_route=\/wp\/v2\/posts\/123\/revisions"}],"predecessor-version":[{"id":133,"href":"https:\/\/blog.tempries.de\/index.php?rest_route=\/wp\/v2\/posts\/123\/revisions\/133"}],"wp:featuredmedia":[{"embeddable":true,"href":"https:\/\/blog.tempries.de\/index.php?rest_route=\/wp\/v2\/media\/9"}],"wp:attachment":[{"href":"https:\/\/blog.tempries.de\/index.php?rest_route=%2Fwp%2Fv2%2Fmedia&parent=123"}],"wp:term":[{"taxonomy":"category","embeddable":true,"href":"https:\/\/blog.tempries.de\/index.php?rest_route=%2Fwp%2Fv2%2Fcategories&post=123"},{"taxonomy":"post_tag","embeddable":true,"href":"https:\/\/blog.tempries.de\/index.php?rest_route=%2Fwp%2Fv2%2Ftags&post=123"}],"curies":[{"name":"wp","href":"https:\/\/api.w.org\/{rel}","templated":true}]}}