{"id":156,"date":"2019-07-03T11:15:35","date_gmt":"2019-07-03T09:15:35","guid":{"rendered":"http:\/\/blog.tempries.de\/?p=156"},"modified":"2019-07-03T11:03:41","modified_gmt":"2019-07-03T09:03:41","slug":"upgrade-ihres-passiven-waermetauschers-in-der-kontrollierten-wohnraumlueftungsanlage","status":"publish","type":"post","link":"https:\/\/blog.tempries.de\/?p=156","title":{"rendered":"Upgrade Ihres passiven W\u00e4rmetauschers in der kontrollierten Wohnrauml\u00fcftungsanlage"},"content":{"rendered":"<p><strong>Achtung \u2013 Achtung &#8211; Achtung<\/strong><\/p>\n<p>Gerade in der warmen und hei\u00dfen Jahreszeit bekommen wir wieder viele Anfragen zur aktiven K\u00fchlung \u00a0in Wohngeb\u00e4uden. F\u00fcr Besitzer von passiven Anlagen bieten wir ein Upgrade-Angebot an, in dem wir diese alten Anlagen ohne gro\u00dfen Aufwand \u00a0gegen moderne Luft-Luft W\u00e4rmepumpen mit K\u00fchlfunktion tauschen. Der Austausch der Anlagentechnik ist in der Regel an einem Tag erledigt. Sie als der Kunde profitieren von der neuen Anlage:<\/p>\n<p>-W\u00e4rmepumpe<br \/>\n-K\u00fchlfunktion \/ Sommer<br \/>\n-W\u00e4rmefunktion \/ Winter<br \/>\n-Moderne Steuerung<\/p>\n<p>Gerne erstellen wir Ihnen heute noch ein individuelles Angebot, wir ben\u00f6tigen dazu nur die Luftbilanz und Bilder der Anlage.<\/p>\n<p>Bei Fragen und weiterem Beratungsbedarf freuen wir uns auf Ihre Kontaktaufnahme.<\/p>\n<p>Der n\u00e4chste, sonnige Sommer ist schon da!<\/p>\n<p><strong>Haben wir Sie neugierig gemacht. Einfach melden: <a href=\"mailto:zentrale@tempries.de\">zentrale@tempries.de<\/a><\/strong><br \/>\n<strong>oder anrufen unter:\u00a0+498006646855<\/strong><\/p>\n","protected":false},"excerpt":{"rendered":"<p>Achtung \u2013 Achtung &#8211; Achtung Gerade in der warmen und hei\u00dfen Jahreszeit bekommen wir wieder viele Anfragen zur aktiven K\u00fchlung \u00a0in Wohngeb\u00e4uden. F\u00fcr Besitzer von passiven Anlagen bieten wir ein Upgrade-Angebot an, in dem wir diese alten Anlagen ohne gro\u00dfen Aufwand \u00a0gegen moderne Luft-Luft W\u00e4rmepumpen mit K\u00fchlfunktion tauschen. Der Austausch der Anlagentechnik ist in der &hellip; <\/p>\n<p class=\"link-more\"><a href=\"https:\/\/blog.tempries.de\/?p=156\" class=\"more-link\"><span class=\"screen-reader-text\">\u201eUpgrade Ihres passiven W\u00e4rmetauschers in der kontrollierten Wohnrauml\u00fcftungsanlage\u201c<\/span> weiterlesen<\/a><\/p>\n","protected":false},"author":1,"featured_media":9,"comment_status":"open","ping_status":"open","sticky":true,"template":"","format":"standard","meta":{"footnotes":""},"categories":[79],"tags":[95,93,71,96,7,94],"class_list":["post-156","post","type-post","status-publish","format-standard","has-post-thumbnail","hentry","category-news-2019","tag-kuehlen","tag-kuehlfunktion","tag-lueftungsanlage","tag-upgrade","tag-waermepumpe","tag-waermetauscher"],"_links":{"self":[{"href":"https:\/\/blog.tempries.de\/index.php?rest_route=\/wp\/v2\/posts\/156","targetHints":{"allow":["GET"]}}],"collection":[{"href":"https:\/\/blog.tempries.de\/index.php?rest_route=\/wp\/v2\/posts"}],"about":[{"href":"https:\/\/blog.tempries.de\/index.php?rest_route=\/wp\/v2\/types\/post"}],"author":[{"embeddable":true,"href":"https:\/\/blog.tempries.de\/index.php?rest_route=\/wp\/v2\/users\/1"}],"replies":[{"embeddable":true,"href":"https:\/\/blog.tempries.de\/index.php?rest_route=%2Fwp%2Fv2%2Fcomments&post=156"}],"version-history":[{"count":4,"href":"https:\/\/blog.tempries.de\/index.php?rest_route=\/wp\/v2\/posts\/156\/revisions"}],"predecessor-version":[{"id":160,"href":"https:\/\/blog.tempries.de\/index.php?rest_route=\/wp\/v2\/posts\/156\/revisions\/160"}],"wp:featuredmedia":[{"embeddable":true,"href":"https:\/\/blog.tempries.de\/index.php?rest_route=\/wp\/v2\/media\/9"}],"wp:attachment":[{"href":"https:\/\/blog.tempries.de\/index.php?rest_route=%2Fwp%2Fv2%2Fmedia&parent=156"}],"wp:term":[{"taxonomy":"category","embeddable":true,"href":"https:\/\/blog.tempries.de\/index.php?rest_route=%2Fwp%2Fv2%2Fcategories&post=156"},{"taxonomy":"post_tag","embeddable":true,"href":"https:\/\/blog.tempries.de\/index.php?rest_route=%2Fwp%2Fv2%2Ftags&post=156"}],"curies":[{"name":"wp","href":"https:\/\/api.w.org\/{rel}","templated":true}]}}