{"id":286,"date":"2021-11-05T00:33:00","date_gmt":"2021-11-04T23:33:00","guid":{"rendered":"http:\/\/blog.tempries.de\/?p=286"},"modified":"2021-10-28T14:48:47","modified_gmt":"2021-10-28T12:48:47","slug":"tauschen-ihrer-lueftungsanlage","status":"publish","type":"post","link":"https:\/\/blog.tempries.de\/?p=286","title":{"rendered":"Austausch Ihrer L\u00fcftungsanlage"},"content":{"rendered":"\n<p>Tauschen Sie Ihrer alte L\u00fcftungsanlagen, jetzt. Die Nilan Combi 302 Polar heizt, k\u00fchlt und gewinnt aktiv W\u00e4rme zur\u00fcck. Selbstverst\u00e4ndlich f\u00f6rderf\u00e4hig.<\/p>\n\n\n\n<figure class=\"wp-block-image size-large is-resized\"><img loading=\"lazy\" decoding=\"async\" src=\"https:\/\/blog.tempries.de\/wp-content\/uploads\/2021\/10\/by-tempries-Insta-Austausch-des-Waermetauschers-1024x1024.png\" alt=\"\" class=\"wp-image-287\" width=\"512\" height=\"512\" srcset=\"https:\/\/blog.tempries.de\/wp-content\/uploads\/2021\/10\/by-tempries-Insta-Austausch-des-Waermetauschers-1024x1024.png 1024w, https:\/\/blog.tempries.de\/wp-content\/uploads\/2021\/10\/by-tempries-Insta-Austausch-des-Waermetauschers-300x300.png 300w, https:\/\/blog.tempries.de\/wp-content\/uploads\/2021\/10\/by-tempries-Insta-Austausch-des-Waermetauschers-150x150.png 150w, https:\/\/blog.tempries.de\/wp-content\/uploads\/2021\/10\/by-tempries-Insta-Austausch-des-Waermetauschers-768x768.png 768w, https:\/\/blog.tempries.de\/wp-content\/uploads\/2021\/10\/by-tempries-Insta-Austausch-des-Waermetauschers-100x100.png 100w, https:\/\/blog.tempries.de\/wp-content\/uploads\/2021\/10\/by-tempries-Insta-Austausch-des-Waermetauschers.png 1080w\" sizes=\"auto, (max-width: 512px) 100vw, 512px\" \/><\/figure>\n\n\n\n<p>hier finden sie alle Informationen:<\/p>\n\n\n\n<p><a href=\"https:\/\/www.tempries-shop.de\/komfortheiztechnik\/nilan-combi-302-polar\/\">https:\/\/www.tempries-shop.de\/komfortheiztechnik\/nilan-combi-302-polar\/<\/a><\/p>\n\n\n\n<p>oder ruf Sie uns einfach an:&nbsp;<a href=\"tel:+498006646855\">+49 800 6646855<\/a><\/p>\n","protected":false},"excerpt":{"rendered":"<p>Upgrade Ihrer L\u00fcftungsanlage. Erneuern Sie jetzt Ihren alten W\u00e4rmetauscher.<\/p>\n","protected":false},"author":1,"featured_media":9,"comment_status":"open","ping_status":"open","sticky":true,"template":"","format":"standard","meta":{"footnotes":""},"categories":[152],"tags":[210,197,202,200,218,212,188,214,205,208,207,217,213,209,216,211,204,191,215,206],"class_list":["post-286","post","type-post","status-publish","format-standard","has-post-thumbnail","hentry","category-news-2021","tag-effizientshaus","tag-einfamilienhaus","tag-einzelmassnahme","tag-geg-2","tag-hausbau","tag-haustechnik-2","tag-heizlast-2","tag-heizung-2","tag-kwl-2","tag-luft-luft-2","tag-lueftung-2","tag-montage-2","tag-neubau-2","tag-nilan-2","tag-planung-2","tag-pluspaket","tag-tempries-2","tag-waermepumpe-2","tag-waermerueckgewinnung-2","tag-wohnraumlueftung"],"_links":{"self":[{"href":"https:\/\/blog.tempries.de\/index.php?rest_route=\/wp\/v2\/posts\/286","targetHints":{"allow":["GET"]}}],"collection":[{"href":"https:\/\/blog.tempries.de\/index.php?rest_route=\/wp\/v2\/posts"}],"about":[{"href":"https:\/\/blog.tempries.de\/index.php?rest_route=\/wp\/v2\/types\/post"}],"author":[{"embeddable":true,"href":"https:\/\/blog.tempries.de\/index.php?rest_route=\/wp\/v2\/users\/1"}],"replies":[{"embeddable":true,"href":"https:\/\/blog.tempries.de\/index.php?rest_route=%2Fwp%2Fv2%2Fcomments&post=286"}],"version-history":[{"count":3,"href":"https:\/\/blog.tempries.de\/index.php?rest_route=\/wp\/v2\/posts\/286\/revisions"}],"predecessor-version":[{"id":290,"href":"https:\/\/blog.tempries.de\/index.php?rest_route=\/wp\/v2\/posts\/286\/revisions\/290"}],"wp:featuredmedia":[{"embeddable":true,"href":"https:\/\/blog.tempries.de\/index.php?rest_route=\/wp\/v2\/media\/9"}],"wp:attachment":[{"href":"https:\/\/blog.tempries.de\/index.php?rest_route=%2Fwp%2Fv2%2Fmedia&parent=286"}],"wp:term":[{"taxonomy":"category","embeddable":true,"href":"https:\/\/blog.tempries.de\/index.php?rest_route=%2Fwp%2Fv2%2Fcategories&post=286"},{"taxonomy":"post_tag","embeddable":true,"href":"https:\/\/blog.tempries.de\/index.php?rest_route=%2Fwp%2Fv2%2Ftags&post=286"}],"curies":[{"name":"wp","href":"https:\/\/api.w.org\/{rel}","templated":true}]}}