{"id":312,"date":"2022-03-04T14:44:02","date_gmt":"2022-03-04T13:44:02","guid":{"rendered":"https:\/\/blog.tempries.de\/?p=312"},"modified":"2022-03-04T14:45:02","modified_gmt":"2022-03-04T13:45:02","slug":"haustechnik-waermepumpen-bausaetze-fuer-ausbauhaeuser","status":"publish","type":"post","link":"https:\/\/blog.tempries.de\/?p=312","title":{"rendered":"Haustechnik W\u00e4rmepumpen Baus\u00e4tze f\u00fcr Ausbauh\u00e4user"},"content":{"rendered":"\n<p>Wir freuen uns Ihnen heute zwei neue L\u00fcftungs- &amp; Heizungspakete vorstellen zu d\u00fcrfen. Die Selbstbaus\u00e4tze sind geeignet f\u00fcr Effizientsh\u00e4user der Klasse 40, 40Plus und 55. Die Pakete bringen mit einer Luft-Luft W\u00e4rmepumpe und einem passiven W\u00e4rmetauscher das Wohlf\u00fchlklima \u00fcber die Luft in das Haus.\u00a0Das hei\u00dft f\u00fcr Sie, dass es nicht nur m\u00f6glich ist mit geringem Energieverbrauch zu heizen, sondern auch zu k\u00fchlen. Zielgruppe f\u00fcr diese Haustechnik Montagepakete sind Firmen, die\u00a0Ihre Angebote erweitern wollen, auf eine ausgereifte Technik mit jahrelanger Erfahrung zur\u00fcckgreifen m\u00fcssen und nat\u00fcrlich der Bauherr eines Ausbauhauses. Unterst\u00fctzt mit unseren Planungs-,Baubegleitungs- und Abnahmeangeboten, ein rundes Paket.<\/p>\n\n\n\n<p>Gerne beraten wir Sie individuell zu Ihren Vorstellungen, nehme Sie bitte Kontakt mit uns auf.<\/p>\n\n\n\n<p>Telefon: 0800-6646855 \/ Mail: zentrale@tempries.de<\/p>\n\n\n\n<p><a href=\"https:\/\/www.waermepumpen-markt.de\/neubau-efh\/\">https:\/\/www.waermepumpen-markt.de\/neubau-efh\/<\/a><\/p>\n","protected":false},"excerpt":{"rendered":"<p>Wir freuen uns Ihnen heute zwei neue L\u00fcftungs- &amp; Heizungspakete vorstellen zu d\u00fcrfen. Die Selbstbaus\u00e4tze sind geeignet f\u00fcr Effizientsh\u00e4user der Klasse 40, 40Plus und 55. Die Pakete bringen mit einer Luft-Luft W\u00e4rmepumpe und einem passiven W\u00e4rmetauscher das Wohlf\u00fchlklima \u00fcber die Luft in das Haus.\u00a0Das hei\u00dft f\u00fcr Sie, dass es nicht nur m\u00f6glich ist mit geringem &hellip; <\/p>\n<p class=\"link-more\"><a href=\"https:\/\/blog.tempries.de\/?p=312\" class=\"more-link\"><span class=\"screen-reader-text\">\u201eHaustechnik W\u00e4rmepumpen Baus\u00e4tze f\u00fcr Ausbauh\u00e4user\u201c<\/span> weiterlesen<\/a><\/p>\n","protected":false},"author":1,"featured_media":313,"comment_status":"open","ping_status":"open","sticky":true,"template":"","format":"standard","meta":{"footnotes":""},"categories":[221],"tags":[235,233,236,106,26,72,10,234,7,11,24],"class_list":["post-312","post","type-post","status-publish","format-standard","has-post-thumbnail","hentry","category-news-2022","tag-ausbauhaus-2","tag-bausatz","tag-fachunternehmererklaerung","tag-haustechnik","tag-heizung","tag-luftheizung","tag-lueftung","tag-montagepaket","tag-waermepumpe","tag-waermerueckgewinnung","tag-wohlfuehlheizung"],"_links":{"self":[{"href":"https:\/\/blog.tempries.de\/index.php?rest_route=\/wp\/v2\/posts\/312","targetHints":{"allow":["GET"]}}],"collection":[{"href":"https:\/\/blog.tempries.de\/index.php?rest_route=\/wp\/v2\/posts"}],"about":[{"href":"https:\/\/blog.tempries.de\/index.php?rest_route=\/wp\/v2\/types\/post"}],"author":[{"embeddable":true,"href":"https:\/\/blog.tempries.de\/index.php?rest_route=\/wp\/v2\/users\/1"}],"replies":[{"embeddable":true,"href":"https:\/\/blog.tempries.de\/index.php?rest_route=%2Fwp%2Fv2%2Fcomments&post=312"}],"version-history":[{"count":2,"href":"https:\/\/blog.tempries.de\/index.php?rest_route=\/wp\/v2\/posts\/312\/revisions"}],"predecessor-version":[{"id":315,"href":"https:\/\/blog.tempries.de\/index.php?rest_route=\/wp\/v2\/posts\/312\/revisions\/315"}],"wp:featuredmedia":[{"embeddable":true,"href":"https:\/\/blog.tempries.de\/index.php?rest_route=\/wp\/v2\/media\/313"}],"wp:attachment":[{"href":"https:\/\/blog.tempries.de\/index.php?rest_route=%2Fwp%2Fv2%2Fmedia&parent=312"}],"wp:term":[{"taxonomy":"category","embeddable":true,"href":"https:\/\/blog.tempries.de\/index.php?rest_route=%2Fwp%2Fv2%2Fcategories&post=312"},{"taxonomy":"post_tag","embeddable":true,"href":"https:\/\/blog.tempries.de\/index.php?rest_route=%2Fwp%2Fv2%2Ftags&post=312"}],"curies":[{"name":"wp","href":"https:\/\/api.w.org\/{rel}","templated":true}]}}