{"id":349,"date":"2023-04-06T08:52:31","date_gmt":"2023-04-06T06:52:31","guid":{"rendered":"https:\/\/blog.tempries.de\/?p=349"},"modified":"2023-04-06T08:52:31","modified_gmt":"2023-04-06T06:52:31","slug":"schoene-ostern-2023","status":"publish","type":"post","link":"https:\/\/blog.tempries.de\/?p=349","title":{"rendered":"Sch\u00f6ne Ostern 2023"},"content":{"rendered":"\n<p>Wir w\u00fcnschen Ihnen und Ihren Familien eine sch\u00f6ne Osterzeit. Nach Ostern sind wir f\u00fcr Sie mit neuen L\u00f6sungen f\u00fcr die Sanierung und Erweiterung Ihrer Heizungs- und L\u00fcftungsanlage wieder da. Gerne arbeiten wir f\u00fcr Sie dann ein Konzept f\u00fcr den Tausch Ihrer Gas- oder \u00d6lheizung aus, dabei ber\u00fccksichtigen wir auch vorhandenen Wohnrauml\u00fcftungssysteme.<\/p>\n\n\n\n<p>Gerne beraten wir Sie zu der neuen Anlage, nehmen Sie Kontakt mit uns auf.<\/p>\n\n\n\n<p>Telefon:&nbsp;<a href=\"tel:+498006646855\">+49 800 6646855<\/a><br>Mail: zentrale@tempries.de<\/p>\n","protected":false},"excerpt":{"rendered":"<p>Wir w\u00fcnschen Ihnen und Ihren Familien eine sch\u00f6ne Osterzeit. Nach Ostern sind wir f\u00fcr Sie mit neuen L\u00f6sungen f\u00fcr die Sanierung und Erweiterung Ihrer Heizungs- und L\u00fcftungsanlage wieder da. Gerne arbeiten wir f\u00fcr Sie dann ein Konzept f\u00fcr den Tausch Ihrer Gas- oder \u00d6lheizung aus, dabei ber\u00fccksichtigen wir auch vorhandenen Wohnrauml\u00fcftungssysteme. Gerne beraten wir Sie &hellip; <\/p>\n<p class=\"link-more\"><a href=\"https:\/\/blog.tempries.de\/?p=349\" class=\"more-link\"><span class=\"screen-reader-text\">\u201eSch\u00f6ne Ostern 2023\u201c<\/span> weiterlesen<\/a><\/p>\n","protected":false},"author":1,"featured_media":9,"comment_status":"open","ping_status":"open","sticky":true,"template":"","format":"standard","meta":{"footnotes":""},"categories":[247],"tags":[70,124,71,40,258,259,138,7,64],"class_list":["post-349","post","type-post","status-publish","format-standard","has-post-thumbnail","hentry","category-news-2023","tag-luft-luft-waermepumpe","tag-luft-wasser-waermepumpe","tag-lueftungsanlage","tag-nilan","tag-ostern","tag-ovum","tag-sanierung","tag-waermepumpe","tag-wrg"],"_links":{"self":[{"href":"https:\/\/blog.tempries.de\/index.php?rest_route=\/wp\/v2\/posts\/349","targetHints":{"allow":["GET"]}}],"collection":[{"href":"https:\/\/blog.tempries.de\/index.php?rest_route=\/wp\/v2\/posts"}],"about":[{"href":"https:\/\/blog.tempries.de\/index.php?rest_route=\/wp\/v2\/types\/post"}],"author":[{"embeddable":true,"href":"https:\/\/blog.tempries.de\/index.php?rest_route=\/wp\/v2\/users\/1"}],"replies":[{"embeddable":true,"href":"https:\/\/blog.tempries.de\/index.php?rest_route=%2Fwp%2Fv2%2Fcomments&post=349"}],"version-history":[{"count":1,"href":"https:\/\/blog.tempries.de\/index.php?rest_route=\/wp\/v2\/posts\/349\/revisions"}],"predecessor-version":[{"id":350,"href":"https:\/\/blog.tempries.de\/index.php?rest_route=\/wp\/v2\/posts\/349\/revisions\/350"}],"wp:featuredmedia":[{"embeddable":true,"href":"https:\/\/blog.tempries.de\/index.php?rest_route=\/wp\/v2\/media\/9"}],"wp:attachment":[{"href":"https:\/\/blog.tempries.de\/index.php?rest_route=%2Fwp%2Fv2%2Fmedia&parent=349"}],"wp:term":[{"taxonomy":"category","embeddable":true,"href":"https:\/\/blog.tempries.de\/index.php?rest_route=%2Fwp%2Fv2%2Fcategories&post=349"},{"taxonomy":"post_tag","embeddable":true,"href":"https:\/\/blog.tempries.de\/index.php?rest_route=%2Fwp%2Fv2%2Ftags&post=349"}],"curies":[{"name":"wp","href":"https:\/\/api.w.org\/{rel}","templated":true}]}}