{"id":398,"date":"2024-04-10T09:15:02","date_gmt":"2024-04-10T07:15:02","guid":{"rendered":"https:\/\/blog.tempries.de\/?p=398"},"modified":"2024-04-10T09:15:02","modified_gmt":"2024-04-10T07:15:02","slug":"wir-suchen-elektriker-elektroinstallateure-m-w-d","status":"publish","type":"post","link":"https:\/\/blog.tempries.de\/?p=398","title":{"rendered":"Wir suchen Elektriker, Elektroinstallateure (m\/w\/d)"},"content":{"rendered":"\n<p>Du hast handwerkliches Geschick, spa\u00df an Planung, Koordination und Montage von Elektroinstallationen im Neu- und Altbau, PV-Anlagen, W\u00e4rmepumpen und Verteilerk\u00e4sten klemmen, besitzt eine Ausbildung als Meister oder eine abgeschlossene Berufsausbildung  im Elektrohandwerk.<\/p>\n\n\n\n<p>Dann w\u00fcrden wir uns \u00fcber eine Bewerbung sehr freuen!<\/p>\n\n\n\n<p>Wir planen und verbauen PV-Anlagen, W\u00e4rmepumpensysteme mit L\u00fcftungsanlagen f\u00fcr den Neubau und die Sanierung.<\/p>\n\n\n\n<p>Bitte schicke uns eine Mail an\u00a0<a rel=\"noreferrer noopener\" href=\"mailto:zentrale@tempries.de\" target=\"_blank\">zentrale@tempries.de<\/a>\u00a0oder ruf uns 03933-9489040 an, damit wir einmal einen Termin vereinbaren k\u00f6nnen.<\/p>\n\n\n\n<figure class=\"wp-block-image size-large\"><img loading=\"lazy\" decoding=\"async\" width=\"1024\" height=\"1024\" src=\"https:\/\/blog.tempries.de\/wp-content\/uploads\/2024\/04\/2024-04-08-Anzeige-Elektriker-1024x1024.png\" alt=\"\" class=\"wp-image-399\" srcset=\"https:\/\/blog.tempries.de\/wp-content\/uploads\/2024\/04\/2024-04-08-Anzeige-Elektriker-1024x1024.png 1024w, https:\/\/blog.tempries.de\/wp-content\/uploads\/2024\/04\/2024-04-08-Anzeige-Elektriker-300x300.png 300w, https:\/\/blog.tempries.de\/wp-content\/uploads\/2024\/04\/2024-04-08-Anzeige-Elektriker-150x150.png 150w, https:\/\/blog.tempries.de\/wp-content\/uploads\/2024\/04\/2024-04-08-Anzeige-Elektriker-768x768.png 768w, https:\/\/blog.tempries.de\/wp-content\/uploads\/2024\/04\/2024-04-08-Anzeige-Elektriker-100x100.png 100w, https:\/\/blog.tempries.de\/wp-content\/uploads\/2024\/04\/2024-04-08-Anzeige-Elektriker.png 1080w\" sizes=\"auto, (max-width: 767px) 89vw, (max-width: 1000px) 54vw, (max-width: 1071px) 543px, 580px\" \/><\/figure>\n","protected":false},"excerpt":{"rendered":"<p>Wir suchen Mitarbeiter mit einer Ausbildung als Elektriker!<\/p>\n","protected":false},"author":1,"featured_media":9,"comment_status":"open","ping_status":"open","sticky":true,"template":"","format":"standard","meta":{"footnotes":""},"categories":[271],"tags":[156,266,280,158,128,283,126,267,281,282,116],"class_list":["post-398","post","type-post","status-publish","format-standard","has-post-thumbnail","hentry","category-news-2024","tag-arbeitsplatz","tag-brandenburg","tag-elektriker","tag-energiewende","tag-genthin","tag-ibc-solar","tag-job","tag-magdeburg","tag-pv-anlagen","tag-schaltschraenke","tag-waermepumpen"],"_links":{"self":[{"href":"https:\/\/blog.tempries.de\/index.php?rest_route=\/wp\/v2\/posts\/398","targetHints":{"allow":["GET"]}}],"collection":[{"href":"https:\/\/blog.tempries.de\/index.php?rest_route=\/wp\/v2\/posts"}],"about":[{"href":"https:\/\/blog.tempries.de\/index.php?rest_route=\/wp\/v2\/types\/post"}],"author":[{"embeddable":true,"href":"https:\/\/blog.tempries.de\/index.php?rest_route=\/wp\/v2\/users\/1"}],"replies":[{"embeddable":true,"href":"https:\/\/blog.tempries.de\/index.php?rest_route=%2Fwp%2Fv2%2Fcomments&post=398"}],"version-history":[{"count":1,"href":"https:\/\/blog.tempries.de\/index.php?rest_route=\/wp\/v2\/posts\/398\/revisions"}],"predecessor-version":[{"id":400,"href":"https:\/\/blog.tempries.de\/index.php?rest_route=\/wp\/v2\/posts\/398\/revisions\/400"}],"wp:featuredmedia":[{"embeddable":true,"href":"https:\/\/blog.tempries.de\/index.php?rest_route=\/wp\/v2\/media\/9"}],"wp:attachment":[{"href":"https:\/\/blog.tempries.de\/index.php?rest_route=%2Fwp%2Fv2%2Fmedia&parent=398"}],"wp:term":[{"taxonomy":"category","embeddable":true,"href":"https:\/\/blog.tempries.de\/index.php?rest_route=%2Fwp%2Fv2%2Fcategories&post=398"},{"taxonomy":"post_tag","embeddable":true,"href":"https:\/\/blog.tempries.de\/index.php?rest_route=%2Fwp%2Fv2%2Ftags&post=398"}],"curies":[{"name":"wp","href":"https:\/\/api.w.org\/{rel}","templated":true}]}}