{"id":550,"date":"2025-09-04T08:38:21","date_gmt":"2025-09-04T06:38:21","guid":{"rendered":"https:\/\/blog.tempries.de\/?p=550"},"modified":"2025-09-04T08:38:22","modified_gmt":"2025-09-04T06:38:22","slug":"tempries-raumklimaloesungen-fuer-ihr-bauvorhaben","status":"publish","type":"post","link":"https:\/\/blog.tempries.de\/?p=550","title":{"rendered":"Tempries Raumklimal\u00f6sungen f\u00fcr Ihr Bauvorhaben"},"content":{"rendered":"\n<p>Luft-Luft-W\u00e4rmepumpe mit kontrollierter Wohnrauml\u00fcftung \u2013 die smarte Komplettl\u00f6sung f\u00fcr gesundes Raumklima, niedrige Betriebskosten und einen reibungslosen Bauablauf.<\/p>\n\n\n\n<p><strong>Ihre Vorteile auf einen Blick<\/strong><\/p>\n\n\n\n<p>1. Erstklassige Wohnqualit\u00e4t<\/p>\n\n\n\n<p>Frische, gefilterte Luft \u2013 Pollen, Staub und Stra\u00dfenl\u00e4rm bleiben drau\u00dfen. Feuchte und Ger\u00fcche werden zuverl\u00e4ssig abgef\u00fchrt. Ergebnis: sp\u00fcrbar bessere Luft und mehr Ruhe in den eigenen vier W\u00e4nden.<\/p>\n\n\n\n<p>2. Geringer Energieverbrauch<\/p>\n\n\n\n<p>Moderne W\u00e4rmepumpentechnik nutzt vorhandene Raumluftenergie und arbeitet \u00e4u\u00dferst effizient. Das senkt Ihre laufenden Kosten \u2013 nachhaltig und planbar.<\/p>\n\n\n\n<p>3. Alles zum Wohlf\u00fchlen: W\u00e4rme &amp; K\u00fchlung<\/p>\n\n\n\n<p>Angenehm warm im Winter, behaglich k\u00fchl im Sommer. Das System h\u00e4lt die Wohlf\u00fchltemperatur stabil \u2013 zugfrei und komfortabel.<\/p>\n\n\n\n<p>4. Passt in den Bauablauf<\/p>\n\n\n\n<p>Durchdachte Planung, kurze Wege, schnelle Fachmontage. Wir koordinieren Schnittstellen, minimieren Staub und Zeit auf der Baustelle \u2013 damit Ihr Terminplan h\u00e4lt.<\/p>\n\n\n\n<p>5. Wertsteigerung des Geb\u00e4udes<\/p>\n\n\n\n<p>Ein effizientes, zukunftsf\u00e4higes Klimakonzept steigert Attraktivit\u00e4t und Wert Ihrer Immobilie \u2013 f\u00fcr Vermietung, Verkauf und langfristige Betriebssicherheit.<\/p>\n\n\n\n<p><\/p>\n\n\n\n<p>-&gt; &nbsp;<a href=\"https:\/\/calendly.com\/tempries\/30min\" target=\"_blank\" rel=\"noreferrer noopener\">Termin<\/a>&nbsp;oder nehmen Sie sofort Kontakt mit uns auf:<\/p>\n\n\n\n<p>Telefon:&nbsp;<a>+49 3933 9489040<\/a>&nbsp;\/ Mail: zentrale@tempries.de<\/p>\n","protected":false},"excerpt":{"rendered":"<p>Gesund wohnen, effizient heizen &#038; k\u00fchlen: Unsere Luft-Luft-W\u00e4rmepumpen mit kontrollierter Wohnrauml\u00fcftung liefern frische, leise und allergikerfreundliche Luft \u2013 bei minimalem Energieeinsatz. Planbar im Bauablauf, wertsteigernd im Ergebnis.<\/p>\n","protected":false},"author":1,"featured_media":9,"comment_status":"open","ping_status":"open","sticky":true,"template":"","format":"standard","meta":{"footnotes":""},"categories":[1,302],"tags":[321,320,317,177,9,70,40,316,318,314],"class_list":["post-550","post","type-post","status-publish","format-standard","has-post-thumbnail","hentry","category-neuigkeiten_2017","category-news-2025","tag-bauablauf-fachmontage","tag-effiziente-heizung-sanierung","tag-heizen-und-kuehlen","tag-kontrollierte-wohnraumlueftung","tag-kwl","tag-luft-luft-waermepumpe","tag-nilan","tag-proxon","tag-raumklimaloesung","tag-zehnder"],"_links":{"self":[{"href":"https:\/\/blog.tempries.de\/index.php?rest_route=\/wp\/v2\/posts\/550","targetHints":{"allow":["GET"]}}],"collection":[{"href":"https:\/\/blog.tempries.de\/index.php?rest_route=\/wp\/v2\/posts"}],"about":[{"href":"https:\/\/blog.tempries.de\/index.php?rest_route=\/wp\/v2\/types\/post"}],"author":[{"embeddable":true,"href":"https:\/\/blog.tempries.de\/index.php?rest_route=\/wp\/v2\/users\/1"}],"replies":[{"embeddable":true,"href":"https:\/\/blog.tempries.de\/index.php?rest_route=%2Fwp%2Fv2%2Fcomments&post=550"}],"version-history":[{"count":3,"href":"https:\/\/blog.tempries.de\/index.php?rest_route=\/wp\/v2\/posts\/550\/revisions"}],"predecessor-version":[{"id":553,"href":"https:\/\/blog.tempries.de\/index.php?rest_route=\/wp\/v2\/posts\/550\/revisions\/553"}],"wp:featuredmedia":[{"embeddable":true,"href":"https:\/\/blog.tempries.de\/index.php?rest_route=\/wp\/v2\/media\/9"}],"wp:attachment":[{"href":"https:\/\/blog.tempries.de\/index.php?rest_route=%2Fwp%2Fv2%2Fmedia&parent=550"}],"wp:term":[{"taxonomy":"category","embeddable":true,"href":"https:\/\/blog.tempries.de\/index.php?rest_route=%2Fwp%2Fv2%2Fcategories&post=550"},{"taxonomy":"post_tag","embeddable":true,"href":"https:\/\/blog.tempries.de\/index.php?rest_route=%2Fwp%2Fv2%2Ftags&post=550"}],"curies":[{"name":"wp","href":"https:\/\/api.w.org\/{rel}","templated":true}]}}