{"id":67,"date":"2018-03-23T14:09:44","date_gmt":"2018-03-23T13:09:44","guid":{"rendered":"http:\/\/blog.tempries.de\/?p=67"},"modified":"2018-03-23T14:35:00","modified_gmt":"2018-03-23T13:35:00","slug":"wartung-und-service","status":"publish","type":"post","link":"https:\/\/blog.tempries.de\/?p=67","title":{"rendered":"Wartung und Service"},"content":{"rendered":"<p>Man ist sich selber nicht sicher, ob der Ventilator schon immer so laut war, sagte die Kundin die vor Ihrer L\u00fcftungsanlage steht, wo ein Ventilator zu h\u00f6ren war, der deutlich unrund lief.<span data-ccp-props=\"{&quot;201341983&quot;:0,&quot;335559739&quot;:160,&quot;335559740&quot;:259}\"><br \/>\n<\/span><\/p>\n<p>Ein kratzendes schleifendes Ger\u00e4usch.<\/p>\n<p>An das Ger\u00e4usch gew\u00f6hnt man sich, bis es nervt.<span data-ccp-props=\"{&quot;201341983&quot;:0,&quot;335559739&quot;:160,&quot;335559740&quot;:259}\">\u00a0<\/span><!--more--><\/p>\n<p>So geht es den meisten Menschen mit einer L\u00fcftungsanlage die nach\u00a0\u00a0 mehreren Jahren Laufzeit feststellen das Ihr L\u00fcfter doch ziemlich laut geworden ist.<span data-ccp-props=\"{&quot;201341983&quot;:0,&quot;335559739&quot;:160,&quot;335559740&quot;:259}\">\u00a0<\/span><\/p>\n<p>Jedes drehende Bauteil, ob im Auto oder in einer L\u00fcftungsanlage unterliegt dem Verschlei\u00df und sollte schon aus rein energetischen Gr\u00fcnden gewechselt werden.<span data-ccp-props=\"{&quot;201341983&quot;:0,&quot;335559739&quot;:160,&quot;335559740&quot;:259}\">\u00a0<\/span><\/p>\n<p>Bei einem unrund laufenden Ventilator ist der Stromverbrauch h\u00f6her und die Lebensqualit\u00e4t sinkt durch die entstehenden Ger\u00e4usche.<\/p>\n<p><span data-ccp-props=\"{&quot;201341983&quot;:0,&quot;335559739&quot;:160,&quot;335559740&quot;:259}\">\u00a0<\/span>Das wechseln eines Ventilators sollte grundlegend ein Fachbetrieb \u00fcbernehmen aus folgenden Gr\u00fcnden:<span data-ccp-props=\"{&quot;201341983&quot;:0,&quot;335559739&quot;:160,&quot;335559740&quot;:259}\">\u00a0<\/span><\/p>\n<ol>\n<li>Es sollte immer der Werksm\u00e4\u00dfig eingebaute original Ventilator verbaut werden.\u00a0<span data-ccp-props=\"{&quot;201341983&quot;:0,&quot;335559739&quot;:160,&quot;335559740&quot;:259}\">\u00a0<\/span><\/li>\n<li>Der Ventilator wir oft mit Blindnieten oder speziellen Verschraubungen befestig damit der Ventilator sich durch die Vibration nicht l\u00f6st und Sch\u00e4den in der Anlage entstehen.<span data-ccp-props=\"{&quot;201341983&quot;:0,&quot;335559739&quot;:160,&quot;335559740&quot;:259}\">\u00a0<\/span><\/li>\n<li>Die Stromversorgung des Ventilators mit meistens 230 Volt sowie die Steuerspannung des Ventilators bed\u00fcrfen elektrotechnischer Kenntnisse und d\u00fcrfen nur von qualifizierten Personal ausgef\u00fchrt werden. Es besteht Lebensgefahr durch Strom.<span data-ccp-props=\"{&quot;201341983&quot;:0,&quot;335559739&quot;:160,&quot;335559740&quot;:259}\">\u00a0<\/span><\/li>\n<li>Es muss auf die Kabelf\u00fchrung geachtet werden. Sollte das Stromkabel Kontakt zum Rotor des Ventilators bekommen, kann dass im schlimmsten Fall einen v\u00f6lligen Ausfall der Anlage zufolge haben.<span data-ccp-props=\"{&quot;201341983&quot;:0,&quot;335559739&quot;:160,&quot;335559740&quot;:259}\">\u00a0<\/span><\/li>\n<li>Ventilatoren der neueren Generation (EBM Papst) bringen in der Regel mit weniger Stromverbrauch eine h\u00f6here L\u00fcftungsleistung, so dass es gegebenenfalls notwendig ist, die L\u00fcftungsanlage neu einzumessen.<span data-ccp-props=\"{&quot;201341983&quot;:0,&quot;335559739&quot;:160,&quot;335559740&quot;:259}\">\u00a0<\/span><\/li>\n<li>Zum Schluss ein Funktionstest der Ventilatoren mit Steuerspannung in ihren einzelnen Stufen.<span data-ccp-props=\"{&quot;201341983&quot;:0,&quot;335559739&quot;:160,&quot;335559740&quot;:259}\">\u00a0<\/span><\/li>\n<\/ol>\n<p>Nach dem Wechsel der Ventilatoren sind die Kunden \u00fcberrascht wie leise die L\u00fcftung wieder l\u00e4uft und erfreuen sich aller Vorteile der L\u00fcftungsanlage.<\/p>\n<p><strong>Fragen zu Wartung und Service? Rufen Sie uns an<\/strong><br \/>\n<strong>0049-800 664 68 55<\/strong><\/p>\n","protected":false},"excerpt":{"rendered":"<p>Man ist sich selber nicht sicher, ob der Ventilator schon immer so laut war, sagte die Kundin die vor Ihrer L\u00fcftungsanlage steht, wo ein Ventilator zu h\u00f6ren war, der deutlich unrund lief. Ein kratzendes schleifendes Ger\u00e4usch. An das Ger\u00e4usch gew\u00f6hnt man sich, bis es nervt.\u00a0<\/p>\n","protected":false},"author":1,"featured_media":9,"comment_status":"open","ping_status":"open","sticky":false,"template":"","format":"standard","meta":{"footnotes":""},"categories":[52],"tags":[18,54,53,17],"class_list":["post-67","post","type-post","status-publish","format-standard","has-post-thumbnail","hentry","category-service-wartung","tag-service","tag-tausch","tag-ventilator","tag-wartung"],"_links":{"self":[{"href":"https:\/\/blog.tempries.de\/index.php?rest_route=\/wp\/v2\/posts\/67","targetHints":{"allow":["GET"]}}],"collection":[{"href":"https:\/\/blog.tempries.de\/index.php?rest_route=\/wp\/v2\/posts"}],"about":[{"href":"https:\/\/blog.tempries.de\/index.php?rest_route=\/wp\/v2\/types\/post"}],"author":[{"embeddable":true,"href":"https:\/\/blog.tempries.de\/index.php?rest_route=\/wp\/v2\/users\/1"}],"replies":[{"embeddable":true,"href":"https:\/\/blog.tempries.de\/index.php?rest_route=%2Fwp%2Fv2%2Fcomments&post=67"}],"version-history":[{"count":8,"href":"https:\/\/blog.tempries.de\/index.php?rest_route=\/wp\/v2\/posts\/67\/revisions"}],"predecessor-version":[{"id":75,"href":"https:\/\/blog.tempries.de\/index.php?rest_route=\/wp\/v2\/posts\/67\/revisions\/75"}],"wp:featuredmedia":[{"embeddable":true,"href":"https:\/\/blog.tempries.de\/index.php?rest_route=\/wp\/v2\/media\/9"}],"wp:attachment":[{"href":"https:\/\/blog.tempries.de\/index.php?rest_route=%2Fwp%2Fv2%2Fmedia&parent=67"}],"wp:term":[{"taxonomy":"category","embeddable":true,"href":"https:\/\/blog.tempries.de\/index.php?rest_route=%2Fwp%2Fv2%2Fcategories&post=67"},{"taxonomy":"post_tag","embeddable":true,"href":"https:\/\/blog.tempries.de\/index.php?rest_route=%2Fwp%2Fv2%2Ftags&post=67"}],"curies":[{"name":"wp","href":"https:\/\/api.w.org\/{rel}","templated":true}]}}